{"id":5688,"date":"2023-03-06T16:50:13","date_gmt":"2023-03-06T16:50:13","guid":{"rendered":"https:\/\/seminariospc.edu.co\/?p=5688"},"modified":"2023-04-13T20:02:23","modified_gmt":"2023-04-13T20:02:23","slug":"taller-de-sensibilizacion-sobre-cultura-inclusiva","status":"publish","type":"post","link":"https:\/\/seminariospc.edu.co\/?p=5688","title":{"rendered":"Taller de sensibilizaci\u00f3n sobre Cultura Inclusiva"},"content":{"rendered":"\n<p>Queremos contarle a toda la comunidad Claveriana, que la Coordinadora de Inclusi\u00f3n, la Dra. Erica Yanet Salazar, realiz\u00f3 un taller de sensibilizaci\u00f3n respecto al tema de Cultura Inclusiva, con la finalidad de poder asegurar el derecho a una educaci\u00f3n con equidad. Adem\u00e1s, se tocaron otros aspectos como los valores: el respeto, solidaridad, compa\u00f1erismo, tolerancia y asertividad con la persona que tiene alguna discapacidad y\/o trastorno.<\/p>\n\n\n\n<iframe loading=\"lazy\" src=\"https:\/\/www.facebook.com\/plugins\/video.php?height=314&#038;href=https%3A%2F%2Fwww.facebook.com%2FSeminarioSanPedroClaver2%2Fvideos%2F594243168917626%2F&#038;show_text=false&#038;width=560&#038;t=0\" width=\"560\" height=\"314\" style=\"border:none;overflow:hidden\" scrolling=\"no\" frameborder=\"0\" allowfullscreen=\"true\" allow=\"autoplay; clipboard-write; encrypted-media; picture-in-picture; web-share\" allowFullScreen=\"true\"><\/iframe>\n","protected":false},"excerpt":{"rendered":"<p>Queremos contarle a toda la comunidad Claveriana, que la Coordinadora de Inclusi\u00f3n, la Dra. Erica Yanet Salazar, realiz\u00f3 un taller de sensibilizaci\u00f3n respecto al tema de Cultura Inclusiva, con la finalidad de poder asegurar el derecho a una educaci\u00f3n con equidad. Adem\u00e1s, se tocaron otros aspectos como los valores: el respeto, solidaridad, compa\u00f1erismo, tolerancia y &hellip;<\/p>\n","protected":false},"author":3,"featured_media":5689,"comment_status":"open","ping_status":"closed","sticky":false,"template":"","format":"standard","meta":{"footnotes":""},"categories":[27,2],"tags":[],"class_list":["post-5688","post","type-post","status-publish","format-standard","has-post-thumbnail","hentry","category-coordinacion-de-inclusion-educativa","category-seminario-news"],"_links":{"self":[{"href":"https:\/\/seminariospc.edu.co\/index.php?rest_route=\/wp\/v2\/posts\/5688","targetHints":{"allow":["GET"]}}],"collection":[{"href":"https:\/\/seminariospc.edu.co\/index.php?rest_route=\/wp\/v2\/posts"}],"about":[{"href":"https:\/\/seminariospc.edu.co\/index.php?rest_route=\/wp\/v2\/types\/post"}],"author":[{"embeddable":true,"href":"https:\/\/seminariospc.edu.co\/index.php?rest_route=\/wp\/v2\/users\/3"}],"replies":[{"embeddable":true,"href":"https:\/\/seminariospc.edu.co\/index.php?rest_route=%2Fwp%2Fv2%2Fcomments&post=5688"}],"version-history":[{"count":1,"href":"https:\/\/seminariospc.edu.co\/index.php?rest_route=\/wp\/v2\/posts\/5688\/revisions"}],"predecessor-version":[{"id":5690,"href":"https:\/\/seminariospc.edu.co\/index.php?rest_route=\/wp\/v2\/posts\/5688\/revisions\/5690"}],"wp:featuredmedia":[{"embeddable":true,"href":"https:\/\/seminariospc.edu.co\/index.php?rest_route=\/wp\/v2\/media\/5689"}],"wp:attachment":[{"href":"https:\/\/seminariospc.edu.co\/index.php?rest_route=%2Fwp%2Fv2%2Fmedia&parent=5688"}],"wp:term":[{"taxonomy":"category","embeddable":true,"href":"https:\/\/seminariospc.edu.co\/index.php?rest_route=%2Fwp%2Fv2%2Fcategories&post=5688"},{"taxonomy":"post_tag","embeddable":true,"href":"https:\/\/seminariospc.edu.co\/index.php?rest_route=%2Fwp%2Fv2%2Ftags&post=5688"}],"curies":[{"name":"wp","href":"https:\/\/api.w.org\/{rel}","templated":true}]}}