{"id":6017,"date":"2023-05-11T12:38:22","date_gmt":"2023-05-11T12:38:22","guid":{"rendered":"https:\/\/seminariospc.edu.co\/?p=6017"},"modified":"2023-05-11T12:48:12","modified_gmt":"2023-05-11T12:48:12","slug":"celebracion-dia-de-la-secretaria","status":"publish","type":"post","link":"https:\/\/seminariospc.edu.co\/?p=6017","title":{"rendered":"Celebraci\u00f3n d\u00eda de la Secretaria"},"content":{"rendered":"\n<p>En el marco de la Celebraci\u00f3n del d\u00eda de la Secretaria la Asociaci\u00f3n de Padres de Familia, y el Seminario San Pedro Claver, felicita a Beatriz Bedoya y a Yamile Moya, por su ayuda, dedicaci\u00f3n y compromiso.<\/p>\n\n\n\n<figure class=\"wp-block-image size-full\"><img loading=\"lazy\" decoding=\"async\" width=\"960\" height=\"851\" src=\"https:\/\/seminariospc.edu.co\/wp-content\/uploads\/2023\/05\/WhatsApp-Image-2023-05-11-at-7.44.55-AM.jpeg\" alt=\"\" class=\"wp-image-6023\" srcset=\"https:\/\/seminariospc.edu.co\/wp-content\/uploads\/2023\/05\/WhatsApp-Image-2023-05-11-at-7.44.55-AM.jpeg 960w, https:\/\/seminariospc.edu.co\/wp-content\/uploads\/2023\/05\/WhatsApp-Image-2023-05-11-at-7.44.55-AM-300x266.jpeg 300w, https:\/\/seminariospc.edu.co\/wp-content\/uploads\/2023\/05\/WhatsApp-Image-2023-05-11-at-7.44.55-AM-768x681.jpeg 768w\" sizes=\"auto, (max-width: 960px) 100vw, 960px\" \/><\/figure>\n","protected":false},"excerpt":{"rendered":"<p>En el marco de la Celebraci\u00f3n del d\u00eda de la Secretaria la Asociaci\u00f3n de Padres de Familia, y el Seminario San Pedro Claver, felicita a Beatriz Bedoya y a Yamile Moya, por su ayuda, dedicaci\u00f3n y compromiso.<\/p>\n","protected":false},"author":3,"featured_media":6020,"comment_status":"open","ping_status":"closed","sticky":false,"template":"","format":"standard","meta":{"footnotes":""},"categories":[30,1],"tags":[],"class_list":["post-6017","post","type-post","status-publish","format-standard","has-post-thumbnail","hentry","category-asosiacion-de-padres-de-familia","category-uncategorized"],"_links":{"self":[{"href":"https:\/\/seminariospc.edu.co\/index.php?rest_route=\/wp\/v2\/posts\/6017","targetHints":{"allow":["GET"]}}],"collection":[{"href":"https:\/\/seminariospc.edu.co\/index.php?rest_route=\/wp\/v2\/posts"}],"about":[{"href":"https:\/\/seminariospc.edu.co\/index.php?rest_route=\/wp\/v2\/types\/post"}],"author":[{"embeddable":true,"href":"https:\/\/seminariospc.edu.co\/index.php?rest_route=\/wp\/v2\/users\/3"}],"replies":[{"embeddable":true,"href":"https:\/\/seminariospc.edu.co\/index.php?rest_route=%2Fwp%2Fv2%2Fcomments&post=6017"}],"version-history":[{"count":2,"href":"https:\/\/seminariospc.edu.co\/index.php?rest_route=\/wp\/v2\/posts\/6017\/revisions"}],"predecessor-version":[{"id":6025,"href":"https:\/\/seminariospc.edu.co\/index.php?rest_route=\/wp\/v2\/posts\/6017\/revisions\/6025"}],"wp:featuredmedia":[{"embeddable":true,"href":"https:\/\/seminariospc.edu.co\/index.php?rest_route=\/wp\/v2\/media\/6020"}],"wp:attachment":[{"href":"https:\/\/seminariospc.edu.co\/index.php?rest_route=%2Fwp%2Fv2%2Fmedia&parent=6017"}],"wp:term":[{"taxonomy":"category","embeddable":true,"href":"https:\/\/seminariospc.edu.co\/index.php?rest_route=%2Fwp%2Fv2%2Fcategories&post=6017"},{"taxonomy":"post_tag","embeddable":true,"href":"https:\/\/seminariospc.edu.co\/index.php?rest_route=%2Fwp%2Fv2%2Ftags&post=6017"}],"curies":[{"name":"wp","href":"https:\/\/api.w.org\/{rel}","templated":true}]}}