{"id":6084,"date":"2023-09-29T16:31:28","date_gmt":"2023-09-29T16:31:28","guid":{"rendered":"https:\/\/seminariospc.edu.co\/?p=6084"},"modified":"2023-09-29T16:31:30","modified_gmt":"2023-09-29T16:31:30","slug":"aniversario-pbro-arturo-garzon-alfonso","status":"publish","type":"post","link":"https:\/\/seminariospc.edu.co\/?p=6084","title":{"rendered":"Aniversario Pbro. Arturo Garz\u00f3n Alfonso"},"content":{"rendered":"\n<p>El d\u00eda de hoy 28 de septiembre 2023 conmemoramos el aniversario n\u00famero 14 de la partida al cielo del Padre Arturo Garz\u00f3n Alfonso. Dios lo tenga en su Gloria, descansando en Paz.<img loading=\"lazy\" decoding=\"async\" height=\"16\" width=\"16\" alt=\"\u271d\ufe0f\" src=\"https:\/\/static.xx.fbcdn.net\/images\/emoji.php\/v9\/t81\/1\/16\/271d.png\"><\/p>\n\n\n\n<p>Guardemos su maravilloso recuerdo como un grandioso tesoro en nuestros corazones y honremos su memoria a lo largo de nuestras vidas, recordemos todo lo que nos ense\u00f1\u00f3 y esforc\u00e9monos por ser mejores personas de acuerdo a su deseo. Rogamos al Se\u00f1or le brinde el descanso eterno y le haga part\u00edcipe de su gloria.<img loading=\"lazy\" decoding=\"async\" height=\"16\" width=\"16\" alt=\"\ud83d\udd4a\ufe0f\" src=\"https:\/\/static.xx.fbcdn.net\/images\/emoji.php\/v9\/tba\/1\/16\/1f54a.png\"><img loading=\"lazy\" decoding=\"async\" height=\"16\" width=\"16\" alt=\"\ud83d\udd4a\ufe0f\" src=\"https:\/\/static.xx.fbcdn.net\/images\/emoji.php\/v9\/tba\/1\/16\/1f54a.png\"><img loading=\"lazy\" decoding=\"async\" height=\"16\" width=\"16\" alt=\"\ud83d\udd4a\ufe0f\" src=\"https:\/\/static.xx.fbcdn.net\/images\/emoji.php\/v9\/tba\/1\/16\/1f54a.png\"><\/p>\n\n\n\n<p>Hoy, m\u00e1s que nunca, al ver nuestra juventud y sociedad, cobra vigencia esa frase c\u00e9lebre que \u00e9l dec\u00eda: J\u00f3venes, \u00bfpara d\u00f3nde creen que van?<img loading=\"lazy\" decoding=\"async\" height=\"16\" width=\"16\" alt=\"\ud83e\udd79\" src=\"https:\/\/static.xx.fbcdn.net\/images\/emoji.php\/v9\/t73\/1\/16\/1f979.png\"><\/p>\n\n\n\n<p>Gracias Padre Arturo por absolutamente todo\u2026<\/p>\n","protected":false},"excerpt":{"rendered":"<p>El d\u00eda de hoy 28 de septiembre 2023 conmemoramos el aniversario n\u00famero 14 de la partida al cielo del Padre Arturo Garz\u00f3n Alfonso. Dios lo tenga en su Gloria, descansando en Paz. Guardemos su maravilloso recuerdo como un grandioso tesoro en nuestros corazones y honremos su memoria a lo largo de nuestras vidas, recordemos todo &hellip;<\/p>\n","protected":false},"author":1,"featured_media":6085,"comment_status":"open","ping_status":"closed","sticky":false,"template":"","format":"standard","meta":{"footnotes":""},"categories":[2],"tags":[],"class_list":["post-6084","post","type-post","status-publish","format-standard","has-post-thumbnail","hentry","category-seminario-news"],"_links":{"self":[{"href":"https:\/\/seminariospc.edu.co\/index.php?rest_route=\/wp\/v2\/posts\/6084","targetHints":{"allow":["GET"]}}],"collection":[{"href":"https:\/\/seminariospc.edu.co\/index.php?rest_route=\/wp\/v2\/posts"}],"about":[{"href":"https:\/\/seminariospc.edu.co\/index.php?rest_route=\/wp\/v2\/types\/post"}],"author":[{"embeddable":true,"href":"https:\/\/seminariospc.edu.co\/index.php?rest_route=\/wp\/v2\/users\/1"}],"replies":[{"embeddable":true,"href":"https:\/\/seminariospc.edu.co\/index.php?rest_route=%2Fwp%2Fv2%2Fcomments&post=6084"}],"version-history":[{"count":1,"href":"https:\/\/seminariospc.edu.co\/index.php?rest_route=\/wp\/v2\/posts\/6084\/revisions"}],"predecessor-version":[{"id":6086,"href":"https:\/\/seminariospc.edu.co\/index.php?rest_route=\/wp\/v2\/posts\/6084\/revisions\/6086"}],"wp:featuredmedia":[{"embeddable":true,"href":"https:\/\/seminariospc.edu.co\/index.php?rest_route=\/wp\/v2\/media\/6085"}],"wp:attachment":[{"href":"https:\/\/seminariospc.edu.co\/index.php?rest_route=%2Fwp%2Fv2%2Fmedia&parent=6084"}],"wp:term":[{"taxonomy":"category","embeddable":true,"href":"https:\/\/seminariospc.edu.co\/index.php?rest_route=%2Fwp%2Fv2%2Fcategories&post=6084"},{"taxonomy":"post_tag","embeddable":true,"href":"https:\/\/seminariospc.edu.co\/index.php?rest_route=%2Fwp%2Fv2%2Ftags&post=6084"}],"curies":[{"name":"wp","href":"https:\/\/api.w.org\/{rel}","templated":true}]}}