{"id":6270,"date":"2024-05-23T16:10:57","date_gmt":"2024-05-23T16:10:57","guid":{"rendered":"https:\/\/seminariospc.edu.co\/?p=6270"},"modified":"2024-05-23T16:11:50","modified_gmt":"2024-05-23T16:11:50","slug":"presentacion-de-la-banda-del-seminario-san-pedro-claver","status":"publish","type":"post","link":"https:\/\/seminariospc.edu.co\/?p=6270","title":{"rendered":"Presentaci\u00f3n de la banda del Seminario San Pedro Claver"},"content":{"rendered":"\n<p>Te presentamos una recopilaci\u00f3n de nuestra banda marcial del Seminario San Pedro Claver en su presentaci\u00f3n del pasado viernes 26 de abril, en la celebraci\u00f3n de los 102 a\u00f1os de Barrancabermeja. <img loading=\"lazy\" decoding=\"async\" height=\"16\" width=\"16\" src=\"https:\/\/static.xx.fbcdn.net\/images\/emoji.php\/v9\/te\/1\/16\/26ab.png\" alt=\"\u26ab\ufe0f\"><img loading=\"lazy\" decoding=\"async\" height=\"16\" width=\"16\" src=\"https:\/\/static.xx.fbcdn.net\/images\/emoji.php\/v9\/t7b\/1\/16\/1f7e1.png\" alt=\"\ud83d\udfe1\"><img loading=\"lazy\" decoding=\"async\" height=\"16\" width=\"16\" src=\"https:\/\/static.xx.fbcdn.net\/images\/emoji.php\/v9\/tca\/1\/16\/1f3ba.png\" alt=\"\ud83c\udfba\"><img loading=\"lazy\" decoding=\"async\" height=\"16\" width=\"16\" src=\"https:\/\/static.xx.fbcdn.net\/images\/emoji.php\/v9\/t8e\/1\/16\/1f941.png\" alt=\"\ud83e\udd41\"><\/p>\n\n\n\n<iframe loading=\"lazy\" src=\"https:\/\/www.facebook.com\/plugins\/video.php?height=476&#038;href=https%3A%2F%2Fwww.facebook.com%2FSeminarioSanPedroClaver2%2Fvideos%2F971075984451571%2F&#038;show_text=false&#038;width=267&#038;t=0\" width=\"267\" height=\"476\" style=\"border:none;overflow:hidden\" scrolling=\"no\" frameborder=\"0\" allowfullscreen=\"true\" allow=\"autoplay; clipboard-write; encrypted-media; picture-in-picture; web-share\" allowFullScreen=\"true\"><\/iframe>\n","protected":false},"excerpt":{"rendered":"<p>Te presentamos una recopilaci\u00f3n de nuestra banda marcial del Seminario San Pedro Claver en su presentaci\u00f3n del pasado viernes 26 de abril, en la celebraci\u00f3n de los 102 a\u00f1os de Barrancabermeja.<\/p>\n","protected":false},"author":3,"featured_media":6271,"comment_status":"open","ping_status":"closed","sticky":false,"template":"","format":"standard","meta":{"footnotes":""},"categories":[26,2,1],"tags":[],"class_list":["post-6270","post","type-post","status-publish","format-standard","has-post-thumbnail","hentry","category-basica-secundaria-y-media","category-seminario-news","category-uncategorized"],"_links":{"self":[{"href":"https:\/\/seminariospc.edu.co\/index.php?rest_route=\/wp\/v2\/posts\/6270","targetHints":{"allow":["GET"]}}],"collection":[{"href":"https:\/\/seminariospc.edu.co\/index.php?rest_route=\/wp\/v2\/posts"}],"about":[{"href":"https:\/\/seminariospc.edu.co\/index.php?rest_route=\/wp\/v2\/types\/post"}],"author":[{"embeddable":true,"href":"https:\/\/seminariospc.edu.co\/index.php?rest_route=\/wp\/v2\/users\/3"}],"replies":[{"embeddable":true,"href":"https:\/\/seminariospc.edu.co\/index.php?rest_route=%2Fwp%2Fv2%2Fcomments&post=6270"}],"version-history":[{"count":1,"href":"https:\/\/seminariospc.edu.co\/index.php?rest_route=\/wp\/v2\/posts\/6270\/revisions"}],"predecessor-version":[{"id":6272,"href":"https:\/\/seminariospc.edu.co\/index.php?rest_route=\/wp\/v2\/posts\/6270\/revisions\/6272"}],"wp:featuredmedia":[{"embeddable":true,"href":"https:\/\/seminariospc.edu.co\/index.php?rest_route=\/wp\/v2\/media\/6271"}],"wp:attachment":[{"href":"https:\/\/seminariospc.edu.co\/index.php?rest_route=%2Fwp%2Fv2%2Fmedia&parent=6270"}],"wp:term":[{"taxonomy":"category","embeddable":true,"href":"https:\/\/seminariospc.edu.co\/index.php?rest_route=%2Fwp%2Fv2%2Fcategories&post=6270"},{"taxonomy":"post_tag","embeddable":true,"href":"https:\/\/seminariospc.edu.co\/index.php?rest_route=%2Fwp%2Fv2%2Ftags&post=6270"}],"curies":[{"name":"wp","href":"https:\/\/api.w.org\/{rel}","templated":true}]}}