{"id":6706,"date":"2025-04-04T14:41:38","date_gmt":"2025-04-04T14:41:38","guid":{"rendered":"https:\/\/seminariospc.edu.co\/?p=6706"},"modified":"2025-04-04T14:41:39","modified_gmt":"2025-04-04T14:41:39","slug":"dia-mundial-del-autismo-2-de-abril","status":"publish","type":"post","link":"https:\/\/seminariospc.edu.co\/?p=6706","title":{"rendered":"D\u00eda Mundial del Autismo &#8211; 2 de Abril"},"content":{"rendered":"<p>En el Colegio Seminario San Pedro Claver, nos unimos para promover la comprensi\u00f3n, la inclusi\u00f3n y el respeto por las personas con autismo. Creemos en una educaci\u00f3n basada en la empat\u00eda y el reconocimiento de la diversidad, donde cada estudiante tiene un espacio para crecer y desarrollarse plenamente.<\/p>\n<p>Hoy, m\u00e1s que nunca, reafirmamos nuestro compromiso de construir una comunidad donde todas las voces sean escuchadas y valoradas. Porque la diversidad nos enriquece y el amor nos une.<\/p>\n<p>\u00a1Celebremos juntos un mundo m\u00e1s inclusivo y lleno de oportunidades para todos!<\/p>\n","protected":false},"excerpt":{"rendered":"<p>En el Colegio Seminario San Pedro Claver, nos unimos para promover la comprensi\u00f3n, la inclusi\u00f3n y el respeto por las personas con autismo. Creemos en una educaci\u00f3n basada en la empat\u00eda y el reconocimiento de la diversidad, donde cada estudiante tiene un espacio para crecer y desarrollarse plenamente. Hoy, m\u00e1s que nunca, reafirmamos nuestro compromiso &hellip;<\/p>\n","protected":false},"author":3,"featured_media":6707,"comment_status":"open","ping_status":"closed","sticky":false,"template":"","format":"standard","meta":{"footnotes":""},"categories":[2,4],"tags":[],"class_list":["post-6706","post","type-post","status-publish","format-standard","has-post-thumbnail","hentry","category-seminario-news","category-proyectos-transversal"],"_links":{"self":[{"href":"https:\/\/seminariospc.edu.co\/index.php?rest_route=\/wp\/v2\/posts\/6706","targetHints":{"allow":["GET"]}}],"collection":[{"href":"https:\/\/seminariospc.edu.co\/index.php?rest_route=\/wp\/v2\/posts"}],"about":[{"href":"https:\/\/seminariospc.edu.co\/index.php?rest_route=\/wp\/v2\/types\/post"}],"author":[{"embeddable":true,"href":"https:\/\/seminariospc.edu.co\/index.php?rest_route=\/wp\/v2\/users\/3"}],"replies":[{"embeddable":true,"href":"https:\/\/seminariospc.edu.co\/index.php?rest_route=%2Fwp%2Fv2%2Fcomments&post=6706"}],"version-history":[{"count":1,"href":"https:\/\/seminariospc.edu.co\/index.php?rest_route=\/wp\/v2\/posts\/6706\/revisions"}],"predecessor-version":[{"id":6708,"href":"https:\/\/seminariospc.edu.co\/index.php?rest_route=\/wp\/v2\/posts\/6706\/revisions\/6708"}],"wp:featuredmedia":[{"embeddable":true,"href":"https:\/\/seminariospc.edu.co\/index.php?rest_route=\/wp\/v2\/media\/6707"}],"wp:attachment":[{"href":"https:\/\/seminariospc.edu.co\/index.php?rest_route=%2Fwp%2Fv2%2Fmedia&parent=6706"}],"wp:term":[{"taxonomy":"category","embeddable":true,"href":"https:\/\/seminariospc.edu.co\/index.php?rest_route=%2Fwp%2Fv2%2Fcategories&post=6706"},{"taxonomy":"post_tag","embeddable":true,"href":"https:\/\/seminariospc.edu.co\/index.php?rest_route=%2Fwp%2Fv2%2Ftags&post=6706"}],"curies":[{"name":"wp","href":"https:\/\/api.w.org\/{rel}","templated":true}]}}