{"id":7199,"date":"2026-09-02T16:44:05","date_gmt":"2026-09-02T16:44:05","guid":{"rendered":"https:\/\/seminariospc.edu.co\/?p=7199"},"modified":"2026-09-02T16:45:34","modified_gmt":"2026-09-02T16:45:34","slug":"elementor-7199","status":"publish","type":"post","link":"https:\/\/seminariospc.edu.co\/?p=7199","title":{"rendered":"Bienvenida"},"content":{"rendered":"\t\t<div data-elementor-type=\"wp-post\" data-elementor-id=\"7199\" class=\"elementor elementor-7199\" data-elementor-settings=\"[]\">\n\t\t\t\t\t\t\t<div class=\"elementor-section-wrap\">\n\t\t\t\t\t\t\t<section class=\"elementor-section elementor-top-section elementor-element elementor-element-778a1ff elementor-section-boxed elementor-section-height-default elementor-section-height-default\" data-id=\"778a1ff\" data-element_type=\"section\">\n\t\t\t\t\t\t<div class=\"elementor-container elementor-column-gap-default\">\n\t\t\t\t\t<div class=\"elementor-column elementor-col-66 elementor-top-column elementor-element elementor-element-933400c\" data-id=\"933400c\" data-element_type=\"column\">\n\t\t\t<div class=\"elementor-widget-wrap elementor-element-populated\">\n\t\t\t\t\t\t\t\t<div class=\"elementor-element elementor-element-c41f948 elementor-widget elementor-widget-text-editor\" data-id=\"c41f948\" data-element_type=\"widget\" data-widget_type=\"text-editor.default\">\n\t\t\t\t<div class=\"elementor-widget-container\">\n\t\t\t\t\t\t\t<h3><strong>\u00a1Bienvenido a nuestra familia claveriana, Padre Edelio!<\/strong><\/h3><p>La comunidad educativa del Colegio Seminario San Pedro Claver se llena de alegr\u00eda y gratitud para recibir al padre Edelio Serrano, quien desde hoy asume con amor y entrega su labor como nuestro nuevo Capell\u00e1n y Director Espiritual.<\/p><p>Su llegada representa una bendici\u00f3n para cada uno de los estudiantes, docentes, directivos, padres de familia y colaboradores que forman parte de esta gran casa. Confiamos en que su gu\u00eda pastoral, su cercan\u00eda y su sabidur\u00eda espiritual ser\u00e1n la luz que fortalezca nuestra fe, alimente nuestros valores y nos impulse a caminar siempre bajo los principios del Evangelio y el carisma de San Pedro Claver.<\/p><p>Las puertas de nuestra instituci\u00f3n, pero sobre todo las de nuestros corazones, est\u00e1n abiertas de par en par para acoger su ministerio. Que Dios Todopoderoso y la maternal intercesi\u00f3n de la Virgen Mar\u00eda colmen su vida de gracia, fortaleza y paciencia para pastorear esta comunidad que hoy lo recibe con los brazos abiertos.<\/p><p>\u00a1Bienvenido a su nueva casa, Padre Edelio!<\/p><p>Que su caminar entre nosotros deje huellas de paz, amor y esperanza<\/p>\t\t\t\t\t\t<\/div>\n\t\t\t\t<\/div>\n\t\t\t\t\t<\/div>\n\t\t<\/div>\n\t\t\t\t<div class=\"elementor-column elementor-col-33 elementor-top-column elementor-element elementor-element-172dbe6\" data-id=\"172dbe6\" data-element_type=\"column\">\n\t\t\t<div class=\"elementor-widget-wrap elementor-element-populated\">\n\t\t\t\t\t\t\t\t<div class=\"elementor-element elementor-element-c04d67d elementor-widget elementor-widget-image\" data-id=\"c04d67d\" data-element_type=\"widget\" data-widget_type=\"image.default\">\n\t\t\t\t<div class=\"elementor-widget-container\">\n\t\t\t\t\t\t\t\t\t\t\t\t\t\t\t<img loading=\"lazy\" decoding=\"async\" width=\"768\" height=\"1024\" src=\"https:\/\/seminariospc.edu.co\/wp-content\/uploads\/2026\/09\/POST-INSTAGRAM-6-768x1024.png\" class=\"attachment-large size-large\" alt=\"\" srcset=\"https:\/\/seminariospc.edu.co\/wp-content\/uploads\/2026\/09\/POST-INSTAGRAM-6-768x1024.png 768w, https:\/\/seminariospc.edu.co\/wp-content\/uploads\/2026\/09\/POST-INSTAGRAM-6-225x300.png 225w, https:\/\/seminariospc.edu.co\/wp-content\/uploads\/2026\/09\/POST-INSTAGRAM-6.png 1080w\" sizes=\"auto, (max-width: 768px) 100vw, 768px\" \/>\t\t\t\t\t\t\t\t\t\t\t\t\t\t\t<\/div>\n\t\t\t\t<\/div>\n\t\t\t\t\t<\/div>\n\t\t<\/div>\n\t\t\t\t\t\t\t<\/div>\n\t\t<\/section>\n\t\t\t\t\t\t<\/div>\n\t\t\t\t\t<\/div>\n\t\t","protected":false},"excerpt":{"rendered":"<p>\u00a1Bienvenido a nuestra familia claveriana, Padre Edelio! La comunidad educativa del Colegio Seminario San Pedro Claver se llena de alegr\u00eda y gratitud para recibir al padre Edelio Serrano, quien desde hoy asume con amor y entrega su labor como nuestro nuevo Capell\u00e1n y Director Espiritual. Su llegada representa una bendici\u00f3n para cada uno de los &hellip;<\/p>\n","protected":false},"author":3,"featured_media":0,"comment_status":"open","ping_status":"closed","sticky":false,"template":"","format":"standard","meta":{"footnotes":""},"categories":[2],"tags":[],"class_list":["post-7199","post","type-post","status-publish","format-standard","hentry","category-seminario-news"],"_links":{"self":[{"href":"https:\/\/seminariospc.edu.co\/index.php?rest_route=\/wp\/v2\/posts\/7199","targetHints":{"allow":["GET"]}}],"collection":[{"href":"https:\/\/seminariospc.edu.co\/index.php?rest_route=\/wp\/v2\/posts"}],"about":[{"href":"https:\/\/seminariospc.edu.co\/index.php?rest_route=\/wp\/v2\/types\/post"}],"author":[{"embeddable":true,"href":"https:\/\/seminariospc.edu.co\/index.php?rest_route=\/wp\/v2\/users\/3"}],"replies":[{"embeddable":true,"href":"https:\/\/seminariospc.edu.co\/index.php?rest_route=%2Fwp%2Fv2%2Fcomments&post=7199"}],"version-history":[{"count":5,"href":"https:\/\/seminariospc.edu.co\/index.php?rest_route=\/wp\/v2\/posts\/7199\/revisions"}],"predecessor-version":[{"id":7205,"href":"https:\/\/seminariospc.edu.co\/index.php?rest_route=\/wp\/v2\/posts\/7199\/revisions\/7205"}],"wp:attachment":[{"href":"https:\/\/seminariospc.edu.co\/index.php?rest_route=%2Fwp%2Fv2%2Fmedia&parent=7199"}],"wp:term":[{"taxonomy":"category","embeddable":true,"href":"https:\/\/seminariospc.edu.co\/index.php?rest_route=%2Fwp%2Fv2%2Fcategories&post=7199"},{"taxonomy":"post_tag","embeddable":true,"href":"https:\/\/seminariospc.edu.co\/index.php?rest_route=%2Fwp%2Fv2%2Ftags&post=7199"}],"curies":[{"name":"wp","href":"https:\/\/api.w.org\/{rel}","templated":true}]}}